{"id":8330,"date":"2025-09-09T11:28:02","date_gmt":"2025-09-09T09:28:02","guid":{"rendered":"https:\/\/festivaldemusicavisualdelanzarote.com\/le-festival-de-musique-visuelle-de-lanzarote-revient-en-octobre-pour-sa-20e-edition-consolidant-ainsi-son-rayonnement-international-2\/"},"modified":"2025-10-02T11:33:12","modified_gmt":"2025-10-02T09:33:12","slug":"le-festival-de-musique-visuelle-de-lanzarote-revient-en-octobre-pour-sa-20e-edition-consolidant-ainsi-son-rayonnement-international-2","status":"publish","type":"post","link":"https:\/\/festivaldemusicavisualdelanzarote.com\/fr\/le-festival-de-musique-visuelle-de-lanzarote-revient-en-octobre-pour-sa-20e-edition-consolidant-ainsi-son-rayonnement-international-2\/","title":{"rendered":"Le festival de musique visuelle de Lanzarote pr\u00e9sente le programme de sa 20e \u00e9dition"},"content":{"rendered":"<p>[et_pb_section fb_built=\u00a0\u00bb1&Prime; admin_label=\u00a0\u00bbsection\u00a0\u00bb _builder_version=\u00a0\u00bb4.16&Prime; da_disable_devices=\u00a0\u00bboff|off|off\u00a0\u00bb global_colors_info=\u00a0\u00bb{}\u00a0\u00bb da_is_popup=\u00a0\u00bboff\u00a0\u00bb da_exit_intent=\u00a0\u00bboff\u00a0\u00bb da_has_close=\u00a0\u00bbon\u00a0\u00bb da_alt_close=\u00a0\u00bboff\u00a0\u00bb da_dark_close=\u00a0\u00bboff\u00a0\u00bb da_not_modal=\u00a0\u00bbon\u00a0\u00bb da_is_singular=\u00a0\u00bboff\u00a0\u00bb da_with_loader=\u00a0\u00bboff\u00a0\u00bb da_has_shadow=\u00a0\u00bbon\u00a0\u00bb][et_pb_row admin_label=\u00a0\u00bbrang\u00e9e\u00a0\u00bb _builder_version=\u00a0\u00bb4.16&Prime; background_size=\u00a0\u00bbinitial\u00a0\u00bb background_position=\u00a0\u00bbtop_left\u00a0\u00bb background_repeat=\u00a0\u00bbrepeat\u00a0\u00bb global_colors_info=\u00a0\u00bb{}\u00a0\u00bb][et_pb_column type=\u00a0\u00bb4_4&Prime; _builder_version=\u00a0\u00bb4.16&Prime; custom_padding=\u00a0\u00bb|||\u00a0\u00bb global_colors_info=\u00a0\u00bb{}\u00a0\u00bb custom_padding__hover=\u00a0\u00bb|||\u00a0\u00bb][et_pb_text admin_label=\u00a0\u00bbText\u00a0\u00bb _builder_version=\u00a0\u00bb4.27.4&Prime; background_size=\u00a0\u00bbinitial\u00a0\u00bb background_position=\u00a0\u00bbtop_left\u00a0\u00bb background_repeat=\u00a0\u00bbrepeat\u00a0\u00bb hover_enabled=\u00a0\u00bb0&Prime; global_colors_info=\u00a0\u00bb{}\u00a0\u00bb sticky_enabled=\u00a0\u00bb0&Prime;]<\/p>\n<p dir=\"ltr\"><em>Les billets pour la vingti\u00e8me \u00e9dition du Festival de M\u00fasica Visual de Lanzarote (FMVL) sont d\u00e9j\u00e0 disponibles depuis le lundi 4 ao\u00fbt sur le site officiel du D\u00e9partement de la Culture <a href=\"http:\/\/culturalanzarote.com\/\" rel=\"noopener noreferrer\" target=\"_blank\">culturalanzarote.com.<\/a> Le festival, qui se d\u00e9roulera du 8 au 18 octobre 2025, s&rsquo;engage une fois de plus dans un programme d&rsquo;excellence artistique, marqu\u00e9 par l&rsquo;innovation sonore, l&rsquo;exp\u00e9rimentation sc\u00e9nique et la fusion entre la musique et le paysage volcanique de Lanzarote. <\/em><\/p>\n<p dir=\"ltr\">Le Festival de M\u00fasica Visual de Lanzarote, organis\u00e9 par le Cabildo de Lanzarote, c\u00e9l\u00e8bre cette ann\u00e9e sa vingti\u00e8me \u00e9dition depuis sa cr\u00e9ation en 1989 par l&rsquo;artiste Ildefonso Aguilar.<\/p>\n<h3 dir=\"ltr\">ARTISTES DE CETTE \u00c9DITION<\/h3>\n<p dir=\"ltr\">Le programme musical de cette vingti\u00e8me \u00e9dition est compos\u00e9 de grands noms de la sc\u00e8ne internationale contemporaine. Parmi eux, la saxophoniste norv\u00e9gienne Mette Henriette, qui ouvrira le festival le 9 octobre \u00e0 la Cueva de los Verdes avec un spectacle intime et exp\u00e9rimental ; le pianiste Bugge Wesseltoft, pionnier du nu jazz et de la fusion \u00e9lectronique, qui se produira dans l&rsquo;auditorium de Jameos del Agua, avec le l\u00e9gendaire contrebassiste Arild Andersen et le percussionniste Sanskriti Shrestha ; et l&rsquo;inclassable artiste britannique Keeley Forsyth, qui apportera son intensit\u00e9 vocale et th\u00e9\u00e2trale \u00e0 Jameos del Agua. <\/p>\n<p dir=\"ltr\">Se produiront \u00e9galement Shida Shahabi, compositrice su\u00e9doise d&rsquo;origine iranienne dont les pi\u00e8ces minimalistes pour piano l&rsquo;ont plac\u00e9e parmi les grands noms de la musique contemporaine ; le trio Alizulh, form\u00e9 par H\u00e9ctor Matacherry et Santi P\u00e9rez, qui associe cr\u00e9ation sonore et art visuel dans une perspective insulaire ; et Lajalada, alter ego de l&rsquo;artiste de la Grande Canarie Bel\u00e9n \u00c1lvarez Doreste, qui explore de nouveaux paysages \u00e9lectroniques et po\u00e9tiques.<\/p>\n<h3 dir=\"ltr\">ACTIVIT\u00c9S COMPL\u00c9MENTAIRES<\/h3>\n<p dir=\"ltr\">L&rsquo;une des propositions les plus singuli\u00e8res de cette \u00e9dition est \u00ab\u00a0TIBATAJE, Afectos aurales de las Islas Canarias\u00a0\u00bb, gr\u00e2ce \u00e0 la collaboration sp\u00e9ciale entre l&rsquo;organisation du festival et le gouvernement des \u00eeles Canaries. Il s&rsquo;agit d&rsquo;une installation sonore de Pablo Sanz, qui peut \u00eatre visit\u00e9e dans la salle Cube du CIC El Almac\u00e9n en entr\u00e9e libre. L&rsquo;\u0153uvre offre une exp\u00e9rience immersive bas\u00e9e sur des enregistrements de terrain r\u00e9alis\u00e9s sur plusieurs \u00eeles de l&rsquo;archipel, dont la zone de Tajogaite, et propose une \u00e9coute \u00e9largie, sensorielle et transformatrice des paysages sonores canariens.  <\/p>\n<p dir=\"ltr\">Outre les concerts, le FMVL 2025 comprend des propositions cin\u00e9matographiques et des rencontres. L&rsquo;un des \u00e9v\u00e9nements les plus sp\u00e9ciaux sera la projection du film \u00ab\u00a0Last and First Men\u00a0\u00bb, r\u00e9alis\u00e9 par le musicien J\u00f3hann J\u00f3hannsson et racont\u00e9 par Tilda Swinton, dans la Sala Bu\u00f1uel du CIC El Almac\u00e9n. Cette \u0153uvre visuelle et sonore culte dialogue avec les paysages et l&rsquo;esprit conceptuel du festival.  <\/p>\n<h3 dir=\"ltr\">BILLETS ET PROGRAMME COMPLET<\/h3>\n<p dir=\"ltr\">Les billets pour tous les concerts et activit\u00e9s du FMVL 2025 sont d\u00e9sormais disponibles, ainsi que toutes les informations d\u00e9taill\u00e9es sur les \u00e9v\u00e9nements, sur le site officiel du festival : <a href=\"http:\/\/www.festivaldemusicavisualdelanzarote.com\/\" rel=\"noopener noreferrer\" target=\"_blank\">www.festivaldemusicavisualdelanzarote.com<\/a>.<\/p>\n<p><!-- \/divi:freeform --><\/p>\n<p>[\/et_pb_text][\/et_pb_column][\/et_pb_row][\/et_pb_section]<\/p>\n","protected":false},"excerpt":{"rendered":"<p>Les billets pour la vingti\u00e8me \u00e9dition du Festival de M\u00fasica Visual de Lanzarote (FMVL) sont d\u00e9j\u00e0 disponibles depuis le lundi 4 ao\u00fbt sur le site officiel du D\u00e9partement de la Culture culturalanzarote.com. Le festival, qui se d\u00e9roulera du 8 au 18 octobre 2025, s&rsquo;engage une fois de plus dans un programme d&rsquo;excellence artistique, marqu\u00e9 par l&rsquo;innovation sonore, l&rsquo;exp\u00e9rimentation sc\u00e9nique et la fusion entre la musique et le paysage volcanique de Lanzarote. <\/p>\n","protected":false},"author":2,"featured_media":0,"comment_status":"open","ping_status":"open","sticky":false,"template":"","format":"standard","meta":{"_et_pb_use_builder":"on","_et_pb_old_content":"","_et_gb_content_width":"","footnotes":""},"categories":[107],"tags":[],"class_list":["post-8330","post","type-post","status-publish","format-standard","hentry","category-presse-2025-fr"],"yoast_head":"<!-- This site is optimized with the Yoast SEO plugin v25.3.1 - https:\/\/yoast.com\/wordpress\/plugins\/seo\/ -->\n<title>Le festival de musique visuelle de Lanzarote pr\u00e9sente le programme de sa 20e \u00e9dition - Festival de M\u00fasica de Lanzarote<\/title>\n<meta name=\"description\" content=\"Nous sommes de retour pour la 20e \u00e9dition du festival de musique visuelle de Lanzarote. Un festival unique dans un cadre spectaculaire.\" \/>\n<meta name=\"robots\" content=\"index, follow, max-snippet:-1, max-image-preview:large, max-video-preview:-1\" \/>\n<link rel=\"canonical\" href=\"https:\/\/festivaldemusicavisualdelanzarote.com\/fr\/le-festival-de-musique-visuelle-de-lanzarote-revient-en-octobre-pour-sa-20e-edition-consolidant-ainsi-son-rayonnement-international-2\/\" \/>\n<meta property=\"og:locale\" content=\"fr_FR\" \/>\n<meta property=\"og:type\" content=\"article\" \/>\n<meta property=\"og:title\" content=\"Le festival de musique visuelle de Lanzarote pr\u00e9sente le programme de sa 20e \u00e9dition - Festival de M\u00fasica de Lanzarote\" \/>\n<meta property=\"og:description\" content=\"Nous sommes de retour pour la 20e \u00e9dition du festival de musique visuelle de Lanzarote. Un festival unique dans un cadre spectaculaire.\" \/>\n<meta property=\"og:url\" content=\"https:\/\/festivaldemusicavisualdelanzarote.com\/fr\/le-festival-de-musique-visuelle-de-lanzarote-revient-en-octobre-pour-sa-20e-edition-consolidant-ainsi-son-rayonnement-international-2\/\" \/>\n<meta property=\"og:site_name\" content=\"Festival de M\u00fasica de Lanzarote\" \/>\n<meta property=\"article:publisher\" content=\"https:\/\/www.facebook.com\/FestivaldeMusicaVisualdeLanzarote\" \/>\n<meta property=\"article:published_time\" content=\"2025-09-09T09:28:02+00:00\" \/>\n<meta property=\"article:modified_time\" content=\"2025-10-02T09:33:12+00:00\" \/>\n<meta name=\"author\" content=\"gladys\" \/>\n<meta name=\"twitter:card\" content=\"summary_large_image\" \/>\n<meta name=\"twitter:label1\" content=\"\u00c9crit par\" \/>\n\t<meta name=\"twitter:data1\" content=\"gladys\" \/>\n\t<meta name=\"twitter:label2\" content=\"Dur\u00e9e de lecture estim\u00e9e\" \/>\n\t<meta name=\"twitter:data2\" content=\"3 minutes\" \/>\n<script type=\"application\/ld+json\" class=\"yoast-schema-graph\">{\"@context\":\"https:\/\/schema.org\",\"@graph\":[{\"@type\":\"Article\",\"@id\":\"https:\/\/festivaldemusicavisualdelanzarote.com\/fr\/le-festival-de-musique-visuelle-de-lanzarote-revient-en-octobre-pour-sa-20e-edition-consolidant-ainsi-son-rayonnement-international-2\/#article\",\"isPartOf\":{\"@id\":\"https:\/\/festivaldemusicavisualdelanzarote.com\/fr\/le-festival-de-musique-visuelle-de-lanzarote-revient-en-octobre-pour-sa-20e-edition-consolidant-ainsi-son-rayonnement-international-2\/\"},\"author\":{\"name\":\"gladys\",\"@id\":\"https:\/\/festivaldemusicavisualdelanzarote.com\/fr\/#\/schema\/person\/fc5a78b91b48a16530fbdf8d8cc69d6b\"},\"headline\":\"Le festival de musique visuelle de Lanzarote pr\u00e9sente le programme de sa 20e \u00e9dition\",\"datePublished\":\"2025-09-09T09:28:02+00:00\",\"dateModified\":\"2025-10-02T09:33:12+00:00\",\"mainEntityOfPage\":{\"@id\":\"https:\/\/festivaldemusicavisualdelanzarote.com\/fr\/le-festival-de-musique-visuelle-de-lanzarote-revient-en-octobre-pour-sa-20e-edition-consolidant-ainsi-son-rayonnement-international-2\/\"},\"wordCount\":656,\"commentCount\":0,\"publisher\":{\"@id\":\"https:\/\/festivaldemusicavisualdelanzarote.com\/fr\/#organization\"},\"articleSection\":[\"Presse 2025\"],\"inLanguage\":\"fr-FR\",\"potentialAction\":[{\"@type\":\"CommentAction\",\"name\":\"Comment\",\"target\":[\"https:\/\/festivaldemusicavisualdelanzarote.com\/fr\/le-festival-de-musique-visuelle-de-lanzarote-revient-en-octobre-pour-sa-20e-edition-consolidant-ainsi-son-rayonnement-international-2\/#respond\"]}]},{\"@type\":\"WebPage\",\"@id\":\"https:\/\/festivaldemusicavisualdelanzarote.com\/fr\/le-festival-de-musique-visuelle-de-lanzarote-revient-en-octobre-pour-sa-20e-edition-consolidant-ainsi-son-rayonnement-international-2\/\",\"url\":\"https:\/\/festivaldemusicavisualdelanzarote.com\/fr\/le-festival-de-musique-visuelle-de-lanzarote-revient-en-octobre-pour-sa-20e-edition-consolidant-ainsi-son-rayonnement-international-2\/\",\"name\":\"Le festival de musique visuelle de Lanzarote pr\u00e9sente le programme de sa 20e \u00e9dition - Festival de M\u00fasica de Lanzarote\",\"isPartOf\":{\"@id\":\"https:\/\/festivaldemusicavisualdelanzarote.com\/fr\/#website\"},\"datePublished\":\"2025-09-09T09:28:02+00:00\",\"dateModified\":\"2025-10-02T09:33:12+00:00\",\"description\":\"Nous sommes de retour pour la 20e \u00e9dition du festival de musique visuelle de Lanzarote. Un festival unique dans un cadre spectaculaire.\",\"breadcrumb\":{\"@id\":\"https:\/\/festivaldemusicavisualdelanzarote.com\/fr\/le-festival-de-musique-visuelle-de-lanzarote-revient-en-octobre-pour-sa-20e-edition-consolidant-ainsi-son-rayonnement-international-2\/#breadcrumb\"},\"inLanguage\":\"fr-FR\",\"potentialAction\":[{\"@type\":\"ReadAction\",\"target\":[\"https:\/\/festivaldemusicavisualdelanzarote.com\/fr\/le-festival-de-musique-visuelle-de-lanzarote-revient-en-octobre-pour-sa-20e-edition-consolidant-ainsi-son-rayonnement-international-2\/\"]}]},{\"@type\":\"BreadcrumbList\",\"@id\":\"https:\/\/festivaldemusicavisualdelanzarote.com\/fr\/le-festival-de-musique-visuelle-de-lanzarote-revient-en-octobre-pour-sa-20e-edition-consolidant-ainsi-son-rayonnement-international-2\/#breadcrumb\",\"itemListElement\":[{\"@type\":\"ListItem\",\"position\":1,\"name\":\"Portada\",\"item\":\"https:\/\/festivaldemusicavisualdelanzarote.com\/fr\/\"},{\"@type\":\"ListItem\",\"position\":2,\"name\":\"Le festival de musique visuelle de Lanzarote pr\u00e9sente le programme de sa 20e \u00e9dition\"}]},{\"@type\":\"WebSite\",\"@id\":\"https:\/\/festivaldemusicavisualdelanzarote.com\/fr\/#website\",\"url\":\"https:\/\/festivaldemusicavisualdelanzarote.com\/fr\/\",\"name\":\"Festival de M\u00fasica de Lanzarote\",\"description\":\"Festival de m\u00fasica contempor\u00e1nea en Lanzarote\",\"publisher\":{\"@id\":\"https:\/\/festivaldemusicavisualdelanzarote.com\/fr\/#organization\"},\"potentialAction\":[{\"@type\":\"SearchAction\",\"target\":{\"@type\":\"EntryPoint\",\"urlTemplate\":\"https:\/\/festivaldemusicavisualdelanzarote.com\/fr\/?s={search_term_string}\"},\"query-input\":{\"@type\":\"PropertyValueSpecification\",\"valueRequired\":true,\"valueName\":\"search_term_string\"}}],\"inLanguage\":\"fr-FR\"},{\"@type\":\"Organization\",\"@id\":\"https:\/\/festivaldemusicavisualdelanzarote.com\/fr\/#organization\",\"name\":\"Festival de M\u00fasica de Lanzarote\",\"url\":\"https:\/\/festivaldemusicavisualdelanzarote.com\/fr\/\",\"logo\":{\"@type\":\"ImageObject\",\"inLanguage\":\"fr-FR\",\"@id\":\"https:\/\/festivaldemusicavisualdelanzarote.com\/fr\/#\/schema\/logo\/image\/\",\"url\":\"https:\/\/festivaldemusicavisualdelanzarote.com\/wp-content\/uploads\/2023\/07\/ELEMENTOS-WEB-1-34.png\",\"contentUrl\":\"https:\/\/festivaldemusicavisualdelanzarote.com\/wp-content\/uploads\/2023\/07\/ELEMENTOS-WEB-1-34.png\",\"width\":481,\"height\":477,\"caption\":\"Festival de M\u00fasica de Lanzarote\"},\"image\":{\"@id\":\"https:\/\/festivaldemusicavisualdelanzarote.com\/fr\/#\/schema\/logo\/image\/\"},\"sameAs\":[\"https:\/\/www.facebook.com\/FestivaldeMusicaVisualdeLanzarote\",\"https:\/\/www.instagram.com\/festivalmusicavisuallzt\/\"]},{\"@type\":\"Person\",\"@id\":\"https:\/\/festivaldemusicavisualdelanzarote.com\/fr\/#\/schema\/person\/fc5a78b91b48a16530fbdf8d8cc69d6b\",\"name\":\"gladys\",\"image\":{\"@type\":\"ImageObject\",\"inLanguage\":\"fr-FR\",\"@id\":\"https:\/\/festivaldemusicavisualdelanzarote.com\/fr\/#\/schema\/person\/image\/\",\"url\":\"https:\/\/secure.gravatar.com\/avatar\/09d17a5680a90da82d49c93e46bf469499f0fe0d24c6473e921231d4e9416e8a?s=96&d=mm&r=g\",\"contentUrl\":\"https:\/\/secure.gravatar.com\/avatar\/09d17a5680a90da82d49c93e46bf469499f0fe0d24c6473e921231d4e9416e8a?s=96&d=mm&r=g\",\"caption\":\"gladys\"},\"url\":\"https:\/\/festivaldemusicavisualdelanzarote.com\/fr\/author\/gladys\/\"}]}<\/script>\n<!-- \/ Yoast SEO plugin. -->","yoast_head_json":{"title":"Le festival de musique visuelle de Lanzarote pr\u00e9sente le programme de sa 20e \u00e9dition - Festival de M\u00fasica de Lanzarote","description":"Nous sommes de retour pour la 20e \u00e9dition du festival de musique visuelle de Lanzarote. Un festival unique dans un cadre spectaculaire.","robots":{"index":"index","follow":"follow","max-snippet":"max-snippet:-1","max-image-preview":"max-image-preview:large","max-video-preview":"max-video-preview:-1"},"canonical":"https:\/\/festivaldemusicavisualdelanzarote.com\/fr\/le-festival-de-musique-visuelle-de-lanzarote-revient-en-octobre-pour-sa-20e-edition-consolidant-ainsi-son-rayonnement-international-2\/","og_locale":"fr_FR","og_type":"article","og_title":"Le festival de musique visuelle de Lanzarote pr\u00e9sente le programme de sa 20e \u00e9dition - Festival de M\u00fasica de Lanzarote","og_description":"Nous sommes de retour pour la 20e \u00e9dition du festival de musique visuelle de Lanzarote. Un festival unique dans un cadre spectaculaire.","og_url":"https:\/\/festivaldemusicavisualdelanzarote.com\/fr\/le-festival-de-musique-visuelle-de-lanzarote-revient-en-octobre-pour-sa-20e-edition-consolidant-ainsi-son-rayonnement-international-2\/","og_site_name":"Festival de M\u00fasica de Lanzarote","article_publisher":"https:\/\/www.facebook.com\/FestivaldeMusicaVisualdeLanzarote","article_published_time":"2025-09-09T09:28:02+00:00","article_modified_time":"2025-10-02T09:33:12+00:00","author":"gladys","twitter_card":"summary_large_image","twitter_misc":{"\u00c9crit par":"gladys","Dur\u00e9e de lecture estim\u00e9e":"3 minutes"},"schema":{"@context":"https:\/\/schema.org","@graph":[{"@type":"Article","@id":"https:\/\/festivaldemusicavisualdelanzarote.com\/fr\/le-festival-de-musique-visuelle-de-lanzarote-revient-en-octobre-pour-sa-20e-edition-consolidant-ainsi-son-rayonnement-international-2\/#article","isPartOf":{"@id":"https:\/\/festivaldemusicavisualdelanzarote.com\/fr\/le-festival-de-musique-visuelle-de-lanzarote-revient-en-octobre-pour-sa-20e-edition-consolidant-ainsi-son-rayonnement-international-2\/"},"author":{"name":"gladys","@id":"https:\/\/festivaldemusicavisualdelanzarote.com\/fr\/#\/schema\/person\/fc5a78b91b48a16530fbdf8d8cc69d6b"},"headline":"Le festival de musique visuelle de Lanzarote pr\u00e9sente le programme de sa 20e \u00e9dition","datePublished":"2025-09-09T09:28:02+00:00","dateModified":"2025-10-02T09:33:12+00:00","mainEntityOfPage":{"@id":"https:\/\/festivaldemusicavisualdelanzarote.com\/fr\/le-festival-de-musique-visuelle-de-lanzarote-revient-en-octobre-pour-sa-20e-edition-consolidant-ainsi-son-rayonnement-international-2\/"},"wordCount":656,"commentCount":0,"publisher":{"@id":"https:\/\/festivaldemusicavisualdelanzarote.com\/fr\/#organization"},"articleSection":["Presse 2025"],"inLanguage":"fr-FR","potentialAction":[{"@type":"CommentAction","name":"Comment","target":["https:\/\/festivaldemusicavisualdelanzarote.com\/fr\/le-festival-de-musique-visuelle-de-lanzarote-revient-en-octobre-pour-sa-20e-edition-consolidant-ainsi-son-rayonnement-international-2\/#respond"]}]},{"@type":"WebPage","@id":"https:\/\/festivaldemusicavisualdelanzarote.com\/fr\/le-festival-de-musique-visuelle-de-lanzarote-revient-en-octobre-pour-sa-20e-edition-consolidant-ainsi-son-rayonnement-international-2\/","url":"https:\/\/festivaldemusicavisualdelanzarote.com\/fr\/le-festival-de-musique-visuelle-de-lanzarote-revient-en-octobre-pour-sa-20e-edition-consolidant-ainsi-son-rayonnement-international-2\/","name":"Le festival de musique visuelle de Lanzarote pr\u00e9sente le programme de sa 20e \u00e9dition - Festival de M\u00fasica de Lanzarote","isPartOf":{"@id":"https:\/\/festivaldemusicavisualdelanzarote.com\/fr\/#website"},"datePublished":"2025-09-09T09:28:02+00:00","dateModified":"2025-10-02T09:33:12+00:00","description":"Nous sommes de retour pour la 20e \u00e9dition du festival de musique visuelle de Lanzarote. Un festival unique dans un cadre spectaculaire.","breadcrumb":{"@id":"https:\/\/festivaldemusicavisualdelanzarote.com\/fr\/le-festival-de-musique-visuelle-de-lanzarote-revient-en-octobre-pour-sa-20e-edition-consolidant-ainsi-son-rayonnement-international-2\/#breadcrumb"},"inLanguage":"fr-FR","potentialAction":[{"@type":"ReadAction","target":["https:\/\/festivaldemusicavisualdelanzarote.com\/fr\/le-festival-de-musique-visuelle-de-lanzarote-revient-en-octobre-pour-sa-20e-edition-consolidant-ainsi-son-rayonnement-international-2\/"]}]},{"@type":"BreadcrumbList","@id":"https:\/\/festivaldemusicavisualdelanzarote.com\/fr\/le-festival-de-musique-visuelle-de-lanzarote-revient-en-octobre-pour-sa-20e-edition-consolidant-ainsi-son-rayonnement-international-2\/#breadcrumb","itemListElement":[{"@type":"ListItem","position":1,"name":"Portada","item":"https:\/\/festivaldemusicavisualdelanzarote.com\/fr\/"},{"@type":"ListItem","position":2,"name":"Le festival de musique visuelle de Lanzarote pr\u00e9sente le programme de sa 20e \u00e9dition"}]},{"@type":"WebSite","@id":"https:\/\/festivaldemusicavisualdelanzarote.com\/fr\/#website","url":"https:\/\/festivaldemusicavisualdelanzarote.com\/fr\/","name":"Festival de M\u00fasica de Lanzarote","description":"Festival de m\u00fasica contempor\u00e1nea en Lanzarote","publisher":{"@id":"https:\/\/festivaldemusicavisualdelanzarote.com\/fr\/#organization"},"potentialAction":[{"@type":"SearchAction","target":{"@type":"EntryPoint","urlTemplate":"https:\/\/festivaldemusicavisualdelanzarote.com\/fr\/?s={search_term_string}"},"query-input":{"@type":"PropertyValueSpecification","valueRequired":true,"valueName":"search_term_string"}}],"inLanguage":"fr-FR"},{"@type":"Organization","@id":"https:\/\/festivaldemusicavisualdelanzarote.com\/fr\/#organization","name":"Festival de M\u00fasica de Lanzarote","url":"https:\/\/festivaldemusicavisualdelanzarote.com\/fr\/","logo":{"@type":"ImageObject","inLanguage":"fr-FR","@id":"https:\/\/festivaldemusicavisualdelanzarote.com\/fr\/#\/schema\/logo\/image\/","url":"https:\/\/festivaldemusicavisualdelanzarote.com\/wp-content\/uploads\/2023\/07\/ELEMENTOS-WEB-1-34.png","contentUrl":"https:\/\/festivaldemusicavisualdelanzarote.com\/wp-content\/uploads\/2023\/07\/ELEMENTOS-WEB-1-34.png","width":481,"height":477,"caption":"Festival de M\u00fasica de Lanzarote"},"image":{"@id":"https:\/\/festivaldemusicavisualdelanzarote.com\/fr\/#\/schema\/logo\/image\/"},"sameAs":["https:\/\/www.facebook.com\/FestivaldeMusicaVisualdeLanzarote","https:\/\/www.instagram.com\/festivalmusicavisuallzt\/"]},{"@type":"Person","@id":"https:\/\/festivaldemusicavisualdelanzarote.com\/fr\/#\/schema\/person\/fc5a78b91b48a16530fbdf8d8cc69d6b","name":"gladys","image":{"@type":"ImageObject","inLanguage":"fr-FR","@id":"https:\/\/festivaldemusicavisualdelanzarote.com\/fr\/#\/schema\/person\/image\/","url":"https:\/\/secure.gravatar.com\/avatar\/09d17a5680a90da82d49c93e46bf469499f0fe0d24c6473e921231d4e9416e8a?s=96&d=mm&r=g","contentUrl":"https:\/\/secure.gravatar.com\/avatar\/09d17a5680a90da82d49c93e46bf469499f0fe0d24c6473e921231d4e9416e8a?s=96&d=mm&r=g","caption":"gladys"},"url":"https:\/\/festivaldemusicavisualdelanzarote.com\/fr\/author\/gladys\/"}]}},"_links":{"self":[{"href":"https:\/\/festivaldemusicavisualdelanzarote.com\/fr\/wp-json\/wp\/v2\/posts\/8330","targetHints":{"allow":["GET"]}}],"collection":[{"href":"https:\/\/festivaldemusicavisualdelanzarote.com\/fr\/wp-json\/wp\/v2\/posts"}],"about":[{"href":"https:\/\/festivaldemusicavisualdelanzarote.com\/fr\/wp-json\/wp\/v2\/types\/post"}],"author":[{"embeddable":true,"href":"https:\/\/festivaldemusicavisualdelanzarote.com\/fr\/wp-json\/wp\/v2\/users\/2"}],"replies":[{"embeddable":true,"href":"https:\/\/festivaldemusicavisualdelanzarote.com\/fr\/wp-json\/wp\/v2\/comments?post=8330"}],"version-history":[{"count":10,"href":"https:\/\/festivaldemusicavisualdelanzarote.com\/fr\/wp-json\/wp\/v2\/posts\/8330\/revisions"}],"predecessor-version":[{"id":8367,"href":"https:\/\/festivaldemusicavisualdelanzarote.com\/fr\/wp-json\/wp\/v2\/posts\/8330\/revisions\/8367"}],"wp:attachment":[{"href":"https:\/\/festivaldemusicavisualdelanzarote.com\/fr\/wp-json\/wp\/v2\/media?parent=8330"}],"wp:term":[{"taxonomy":"category","embeddable":true,"href":"https:\/\/festivaldemusicavisualdelanzarote.com\/fr\/wp-json\/wp\/v2\/categories?post=8330"},{"taxonomy":"post_tag","embeddable":true,"href":"https:\/\/festivaldemusicavisualdelanzarote.com\/fr\/wp-json\/wp\/v2\/tags?post=8330"}],"curies":[{"name":"wp","href":"https:\/\/api.w.org\/{rel}","templated":true}]}}